{"id":1323,"date":"2025-12-22T11:23:00","date_gmt":"2025-12-22T11:23:00","guid":{"rendered":"https:\/\/www.fmmontesinos.com\/?p=1323"},"modified":"2026-03-15T11:26:25","modified_gmt":"2026-03-15T11:26:25","slug":"salon-de-celebraciones-en-montevida","status":"publish","type":"post","link":"https:\/\/www.fmmontesinos.com\/?p=1323","title":{"rendered":"Sal\u00f3n de celebraciones en C.C. Montevida"},"content":{"rendered":"\n<p>Coordinaci\u00f3n de Seguridad y Salud de obra de adecuaci\u00f3n de local para sal\u00f3n de celebraciones Luis Miguel en C.C. Montevida, La Alberca (Murcia).<\/p>\n\n\n\n<figure class=\"wp-block-image size-large is-resized is-style-default wp-duotone-unset-1\"><img loading=\"lazy\" decoding=\"async\" width=\"1024\" height=\"771\" src=\"https:\/\/www.fmmontesinos.com\/wp-content\/uploads\/2026\/03\/2025-11-14-12.43.18-1024x771.jpg\" alt=\"\" class=\"wp-image-1325\" style=\"width:546px;height:auto\" srcset=\"https:\/\/www.fmmontesinos.com\/wp-content\/uploads\/2026\/03\/2025-11-14-12.43.18-1024x771.jpg 1024w, https:\/\/www.fmmontesinos.com\/wp-content\/uploads\/2026\/03\/2025-11-14-12.43.18-300x226.jpg 300w, https:\/\/www.fmmontesinos.com\/wp-content\/uploads\/2026\/03\/2025-11-14-12.43.18-768x578.jpg 768w, https:\/\/www.fmmontesinos.com\/wp-content\/uploads\/2026\/03\/2025-11-14-12.43.18-1536x1157.jpg 1536w, https:\/\/www.fmmontesinos.com\/wp-content\/uploads\/2026\/03\/2025-11-14-12.43.18-2048x1542.jpg 2048w\" sizes=\"auto, (max-width: 1024px) 100vw, 1024px\" \/><\/figure>\n","protected":false},"excerpt":{"rendered":"<p>Coordinaci\u00f3n de Seguridad y Salud de obra de adecuaci\u00f3n de local para sal\u00f3n de celebraciones Luis Miguel en C.C. Montevida, La Alberca (Murcia).<\/p>\n","protected":false},"author":1,"featured_media":1325,"comment_status":"closed","ping_status":"open","sticky":false,"template":"","format":"standard","meta":{"footnotes":""},"categories":[3],"tags":[],"class_list":["post-1323","post","type-post","status-publish","format-standard","has-post-thumbnail","hentry","category-coordinacion-de-seguridad-y-salud"],"_links":{"self":[{"href":"https:\/\/www.fmmontesinos.com\/index.php?rest_route=\/wp\/v2\/posts\/1323","targetHints":{"allow":["GET"]}}],"collection":[{"href":"https:\/\/www.fmmontesinos.com\/index.php?rest_route=\/wp\/v2\/posts"}],"about":[{"href":"https:\/\/www.fmmontesinos.com\/index.php?rest_route=\/wp\/v2\/types\/post"}],"author":[{"embeddable":true,"href":"https:\/\/www.fmmontesinos.com\/index.php?rest_route=\/wp\/v2\/users\/1"}],"replies":[{"embeddable":true,"href":"https:\/\/www.fmmontesinos.com\/index.php?rest_route=%2Fwp%2Fv2%2Fcomments&post=1323"}],"version-history":[{"count":2,"href":"https:\/\/www.fmmontesinos.com\/index.php?rest_route=\/wp\/v2\/posts\/1323\/revisions"}],"predecessor-version":[{"id":1327,"href":"https:\/\/www.fmmontesinos.com\/index.php?rest_route=\/wp\/v2\/posts\/1323\/revisions\/1327"}],"wp:featuredmedia":[{"embeddable":true,"href":"https:\/\/www.fmmontesinos.com\/index.php?rest_route=\/wp\/v2\/media\/1325"}],"wp:attachment":[{"href":"https:\/\/www.fmmontesinos.com\/index.php?rest_route=%2Fwp%2Fv2%2Fmedia&parent=1323"}],"wp:term":[{"taxonomy":"category","embeddable":true,"href":"https:\/\/www.fmmontesinos.com\/index.php?rest_route=%2Fwp%2Fv2%2Fcategories&post=1323"},{"taxonomy":"post_tag","embeddable":true,"href":"https:\/\/www.fmmontesinos.com\/index.php?rest_route=%2Fwp%2Fv2%2Ftags&post=1323"}],"curies":[{"name":"wp","href":"https:\/\/api.w.org\/{rel}","templated":true}]}}